{"id":26930,"date":"2023-02-03T22:36:56","date_gmt":"2023-02-03T22:36:56","guid":{"rendered":"https:\/\/sanantonioalgeciras.com\/?p=26930"},"modified":"2023-02-03T22:36:57","modified_gmt":"2023-02-03T22:36:57","slug":"vida-ascendente","status":"publish","type":"post","link":"https:\/\/sanantonioalgeciras.com\/index.php\/2023\/02\/03\/vida-ascendente\/","title":{"rendered":"Vida ascendente"},"content":{"rendered":"\n<p>En la ma\u00f1ana del d\u00eda 2 de febrero, 2023, se ha celebrado en nuestra parroquia la Jornada diocesana de Vida Ascendente, con motivo de los Santos Sime\u00f3n y Ana.<\/p>\n\n\n\n<p>Agradecemos a la presidencia diocesana, su Consiliario, el P. Valent\u00edn, as\u00ed como a todos los que se desplazaron hasta nuestra ciudad venidos desde distintos puntos de la geograf\u00eda diocesana.<\/p>\n","protected":false},"excerpt":{"rendered":"<p>En la ma\u00f1ana del d\u00eda 2 de febrero, 2023, se ha celebrado en nuestra parroquia la Jornada diocesana de Vida Ascendente, con motivo de los Santos Sime\u00f3n y Ana. Agradecemos a la presidencia diocesana, su Consiliario, el P. Valent\u00edn, as\u00ed como a todos los que se desplazaron hasta nuestra ciudad venidos desde distintos puntos de&#8230;<\/p>\n","protected":false},"author":1,"featured_media":26931,"comment_status":"closed","ping_status":"open","sticky":false,"template":"","format":"standard","meta":{"footnotes":""},"categories":[63],"tags":[],"class_list":["post-26930","post","type-post","status-publish","format-standard","has-post-thumbnail","hentry","category-ultimasnoticias"],"_links":{"self":[{"href":"https:\/\/sanantonioalgeciras.com\/index.php\/wp-json\/wp\/v2\/posts\/26930","targetHints":{"allow":["GET"]}}],"collection":[{"href":"https:\/\/sanantonioalgeciras.com\/index.php\/wp-json\/wp\/v2\/posts"}],"about":[{"href":"https:\/\/sanantonioalgeciras.com\/index.php\/wp-json\/wp\/v2\/types\/post"}],"author":[{"embeddable":true,"href":"https:\/\/sanantonioalgeciras.com\/index.php\/wp-json\/wp\/v2\/users\/1"}],"replies":[{"embeddable":true,"href":"https:\/\/sanantonioalgeciras.com\/index.php\/wp-json\/wp\/v2\/comments?post=26930"}],"version-history":[{"count":1,"href":"https:\/\/sanantonioalgeciras.com\/index.php\/wp-json\/wp\/v2\/posts\/26930\/revisions"}],"predecessor-version":[{"id":26932,"href":"https:\/\/sanantonioalgeciras.com\/index.php\/wp-json\/wp\/v2\/posts\/26930\/revisions\/26932"}],"wp:featuredmedia":[{"embeddable":true,"href":"https:\/\/sanantonioalgeciras.com\/index.php\/wp-json\/wp\/v2\/media\/26931"}],"wp:attachment":[{"href":"https:\/\/sanantonioalgeciras.com\/index.php\/wp-json\/wp\/v2\/media?parent=26930"}],"wp:term":[{"taxonomy":"category","embeddable":true,"href":"https:\/\/sanantonioalgeciras.com\/index.php\/wp-json\/wp\/v2\/categories?post=26930"},{"taxonomy":"post_tag","embeddable":true,"href":"https:\/\/sanantonioalgeciras.com\/index.php\/wp-json\/wp\/v2\/tags?post=26930"}],"curies":[{"name":"wp","href":"https:\/\/api.w.org\/{rel}","templated":true}]}}