{"id":27048,"date":"2023-02-19T17:50:31","date_gmt":"2023-02-19T17:50:31","guid":{"rendered":"https:\/\/sanantonioalgeciras.com\/?p=27048"},"modified":"2026-04-30T15:47:22","modified_gmt":"2026-04-30T15:47:22","slug":"miercoles-de-ceniza","status":"publish","type":"post","link":"https:\/\/sanantonioalgeciras.com\/index.php\/2023\/02\/19\/miercoles-de-ceniza\/","title":{"rendered":"Mi\u00e9rcoles de ceniza"},"content":{"rendered":"\n<p>El pr\u00f3ximo mi\u00e9rcoles, 22 de febrero, comienza el tiempo lit\u00fargico de Cuaresma. <\/p>\n\n\n\n<p>Estos son algunos datos clave para entender la importancia del Mi\u00e9rcoles de Ceniza, a fin de vivir bien este tiempo lit\u00fargico de preparaci\u00f3n para la Pascua.<\/p>\n\n\n\n<ol class=\"wp-block-list\">\n<li><strong>Mi\u00e9rcoles de ceniza: El primer d\u00eda de Cuaresma<\/strong>.<\/li>\n<\/ol>\n\n\n\n<p>Con el Mi\u00e9rcoles de Ceniza, que este a\u00f1o se celebra el 22 de febrero, inician los 40 d\u00edas en los que la Iglesia llama a los fieles a la conversi\u00f3n y a prepararse verdaderamente para vivir los misterios de la Pasi\u00f3n, Muerte y Resurrecci\u00f3n de Cristo, en la Semana Santa.<\/p>\n\n\n\n<p>El Mi\u00e9rcoles de Ceniza es una celebraci\u00f3n contenida en el Misal Romano. Este explica que en la Misa se bendice e impone en la frente de los fieles la ceniza hecha de las palmas bendecidas en el Domingo de Ramos del a\u00f1o anterior.<\/p>\n\n\n\n<p><strong>2. La imposici\u00f3n de cenizas surgi\u00f3 en los primeros siglos del cristianismo.<\/strong><\/p>\n\n\n\n<p>La tradici\u00f3n de imponer la ceniza se remonta a la Iglesia primitiva. En aquel entonces las personas se colocaban la ceniza en la cabeza y se presentaban ante la comunidad con un \u201ch\u00e1bito penitencial\u201d para recibir el Sacramento de la Reconciliaci\u00f3n el Jueves Santo.<\/p>\n\n\n\n<p>La Cuaresma adquiri\u00f3 un sentido penitencial para todos los cristianos casi 400 a\u00f1os D.C. y a partir del siglo XI, la Iglesia en Roma impone las cenizas al inicio de este tiempo.<\/p>\n\n\n\n<p><strong>3. La ceniza recuerda la necesidad de la misericordia de Dios.<\/strong><\/p>\n\n\n\n<p>La ceniza es un s\u00edmbolo. Su funci\u00f3n est\u00e1 descrita en un importante documento de la Congregaci\u00f3n para el Culto Divino y la Disciplina de los Sacramentos, m\u00e1s precisamente en el art\u00edculo 125 del \u00abDirectorio sobre la piedad popular y la liturgia\u00bb:<\/p>\n\n\n\n<p>\u201cEl comienzo de los cuarenta d\u00edas de penitencia, en el Rito romano, se caracteriza por el austero s\u00edmbolo de las cenizas, que distingue la Liturgia del Mi\u00e9rcoles de Ceniza. Propio de los antiguos ritos con los que los pecadores convertidos se somet\u00edan a la penitencia can\u00f3nica, el gesto de cubrirse con ceniza tiene el sentido de reconocer la propia fragilidad y mortalidad, que necesita ser redimida por la misericordia de Dios. Lejos de ser un gesto puramente exterior, la Iglesia lo ha conservado como signo de la actitud del coraz\u00f3n penitente que cada bautizado est\u00e1 llamado a asumir en el itinerario cuaresmal. Se debe ayudar a los fieles, que acuden en gran n\u00famero a recibir la Ceniza, a que capten el significado interior que tiene este gesto, que abre a la conversi\u00f3n y al esfuerzo de la renovaci\u00f3n pascual\u201d.<\/p>\n\n\n\n<p><strong>4. Las cenizas tienen m\u00e1s de un significado.<\/strong><\/p>\n\n\n\n<p>La palabra ceniza, que proviene del lat\u00edn \u00abcinis\u00bb, representa el producto de la combusti\u00f3n de algo por el fuego. Esta adopt\u00f3 tempranamente un sentido simb\u00f3lico de muerte, caducidad, pero tambi\u00e9n de humildad y penitencia.<\/p>\n\n\n\n<p>La ceniza, como signo de humildad, le recuerda al cristiano su origen y su fin: \u00abDios form\u00f3 al hombre con polvo de la tierra\u00bb (Gn 2,7); \u00abhasta que vuelvas a la tierra, pues de ella fuiste hecho\u00bb (Gn 3,19).<\/p>\n\n\n\n<p><strong>5. Las cenizas se producen con las palmas del Domingo de Ramos.<\/strong><\/p>\n\n\n\n<p>Para la ceremonia se deben quemar los restos de las palmas bendecidas el Domingo de Ramos del a\u00f1o anterior. Estas son rociadas con agua bendita y luego aromatizadas con incienso.<\/p>\n\n\n\n<p><strong>6. Las cenizas se imponen en la frente al t\u00e9rmino de la homil\u00eda.<\/strong><\/p>\n\n\n\n<p>Este acto tiene lugar en la Misa al t\u00e9rmino de la homil\u00eda y est\u00e1 permitido que los laicos ayuden al sacerdote. Las cenizas son impuestas en la frente, haciendo la se\u00f1al de la cruz con ellas mientras el ministro dice las palabras b\u00edblicas: \u00abAcu\u00e9rdate que eres polvo y en polvo te convertir\u00e1s\u00bb, o \u00abConvi\u00e9rtete y cree en el Evangelio\u00bb.<\/p>\n\n\n\n<p>Luego, quien recibe las cenizas debe retirarse en silencio meditando la frase o invitaci\u00f3n que la acaban de hacer.<\/p>\n\n\n\n<p>Es importante recordar que en 2021,&nbsp;<a href=\"https:\/\/www.aciprensa.com\/noticias\/miercoles-de-ceniza-2021-vaticano-indica-como-distribuir-cenizas-sin-contagiar-covid-19-31385\">el Vaticano public\u00f3 indicaciones<\/a>&nbsp;para distribuir las cenizas de modo que se garantice la seguridad de los fieles y de los sacerdotes ante la pandemia del COVID-19. En algunos pa\u00edses que a\u00fan presentan un alto n\u00famero de contagios del virus, las iglesias locales anunciaron que mantendr\u00e1n estas medidas en sus territorios.<\/p>\n\n\n\n<p><strong>7. Las cenizas tambi\u00e9n pueden imponerse sin Misa<\/strong><\/p>\n\n\n\n<p>Cuando no hay sacerdote la imposici\u00f3n de cenizas puede realizarse sin Misa, de forma extraordinaria. Sin embargo, es recomendable que al acto se preceda con una liturgia de la palabra.<\/p>\n\n\n\n<p>Es importante recordar que la bendici\u00f3n de las cenizas, como todo sacramental,<strong>&nbsp;<\/strong>solo puede realizarla un sacerdote o di\u00e1cono.<\/p>\n\n\n\n<p><strong>8. Las cenizas pueden ser recibidas por no cat\u00f3licos<\/strong>.<\/p>\n\n\n\n<p>Puede recibir este sacramental cualquier persona, inclusive no cat\u00f3lica. Como especifica el Catecismo (1670 y siguientes) los sacramentales no confieren la gracia del Esp\u00edritu Santo como s\u00ed lo hacen los sacramentos, pero por la oraci\u00f3n de la Iglesia estos \u00abpreparan a recibirla y disponen a cooperar con ella\u00bb.<\/p>\n\n\n\n<p><strong>9. No es obligatorio recibir las cenizas.<\/strong><\/p>\n\n\n\n<p>El Mi\u00e9rcoles de Ceniza no es d\u00eda de precepto y por lo tanto la imposici\u00f3n de ceniza no es obligatoria. No obstante, ese d\u00eda concurre una gran cantidad de personas a la Santa Misa, algo que siempre es recomendable.<\/p>\n\n\n\n<p><strong>10. En mi\u00e9rcoles de ceniza es obligatorio el ayuno y la abstinencia<\/strong>.<\/p>\n\n\n\n<p>El Mi\u00e9rcoles de Ceniza es&nbsp;obligatorio el ayuno y la abstinencia, como en el Viernes Santo, para los mayores de 18 a\u00f1os y menores de 60. Fuera de esos l\u00edmites es opcional. Ese d\u00eda los fieles pueden tener una comida \u201cfuerte\u201d una sola vez al d\u00eda.<\/p>\n\n\n\n<p>La abstinencia de comer carne es obligatoria desde los 14 a\u00f1os. Todos los viernes de Cuaresma tambi\u00e9n son de abstinencia obligatoria. Los dem\u00e1s viernes del a\u00f1o tambi\u00e9n, aunque seg\u00fan el pa\u00eds puede sustituirse por otro tipo de mortificaci\u00f3n u ofrecimiento como el rezo del rosario.<\/p>\n\n\n\n<p>Fuente: Aciprensa.<\/p>\n","protected":false},"excerpt":{"rendered":"<p>El pr\u00f3ximo mi\u00e9rcoles, 22 de febrero, comienza el tiempo lit\u00fargico de Cuaresma. Estos son algunos datos clave para entender la importancia del Mi\u00e9rcoles de Ceniza, a fin de vivir bien este tiempo lit\u00fargico de preparaci\u00f3n para la Pascua. Mi\u00e9rcoles de ceniza: El primer d\u00eda de Cuaresma. Con el Mi\u00e9rcoles de Ceniza, que este a\u00f1o se&#8230;<\/p>\n","protected":false},"author":1,"featured_media":27049,"comment_status":"closed","ping_status":"open","sticky":false,"template":"","format":"standard","meta":{"footnotes":""},"categories":[64],"tags":[],"class_list":["post-27048","post","type-post","status-publish","format-standard","has-post-thumbnail","hentry","category-proximoseventos"],"_links":{"self":[{"href":"https:\/\/sanantonioalgeciras.com\/index.php\/wp-json\/wp\/v2\/posts\/27048","targetHints":{"allow":["GET"]}}],"collection":[{"href":"https:\/\/sanantonioalgeciras.com\/index.php\/wp-json\/wp\/v2\/posts"}],"about":[{"href":"https:\/\/sanantonioalgeciras.com\/index.php\/wp-json\/wp\/v2\/types\/post"}],"author":[{"embeddable":true,"href":"https:\/\/sanantonioalgeciras.com\/index.php\/wp-json\/wp\/v2\/users\/1"}],"replies":[{"embeddable":true,"href":"https:\/\/sanantonioalgeciras.com\/index.php\/wp-json\/wp\/v2\/comments?post=27048"}],"version-history":[{"count":2,"href":"https:\/\/sanantonioalgeciras.com\/index.php\/wp-json\/wp\/v2\/posts\/27048\/revisions"}],"predecessor-version":[{"id":27051,"href":"https:\/\/sanantonioalgeciras.com\/index.php\/wp-json\/wp\/v2\/posts\/27048\/revisions\/27051"}],"wp:featuredmedia":[{"embeddable":true,"href":"https:\/\/sanantonioalgeciras.com\/index.php\/wp-json\/wp\/v2\/media\/27049"}],"wp:attachment":[{"href":"https:\/\/sanantonioalgeciras.com\/index.php\/wp-json\/wp\/v2\/media?parent=27048"}],"wp:term":[{"taxonomy":"category","embeddable":true,"href":"https:\/\/sanantonioalgeciras.com\/index.php\/wp-json\/wp\/v2\/categories?post=27048"},{"taxonomy":"post_tag","embeddable":true,"href":"https:\/\/sanantonioalgeciras.com\/index.php\/wp-json\/wp\/v2\/tags?post=27048"}],"curies":[{"name":"wp","href":"https:\/\/api.w.org\/{rel}","templated":true}]}}