{"id":27135,"date":"2023-06-18T10:07:18","date_gmt":"2023-06-18T10:07:18","guid":{"rendered":"https:\/\/sanantonioalgeciras.com\/?p=27135"},"modified":"2023-06-18T10:08:36","modified_gmt":"2023-06-18T10:08:36","slug":"celebracion-sagrado-corazon-de-jesus","status":"publish","type":"post","link":"https:\/\/sanantonioalgeciras.com\/index.php\/2023\/06\/18\/celebracion-sagrado-corazon-de-jesus\/","title":{"rendered":"Celebraci\u00f3n Sagrado Coraz\u00f3n de Jes\u00fas"},"content":{"rendered":"\n<p>En 1675, Jes\u00fas le dijo a Santa Margarita que quer\u00eda una fiesta anual en honor a Su Sagrado Coraz\u00f3n. En 1856, el Beato Papa P\u00edo IX design\u00f3 que la Fiesta del Sagrado Coraz\u00f3n se celebrar\u00eda universalmente el viernes despu\u00e9s de la octava del Corpus Christi cada a\u00f1o.<\/p>\n\n\n\n<p>Jes\u00fas mismo inici\u00f3 la devoci\u00f3n del primer viernes. La \u00faltima de las doce Promesas del Sagrado Coraz\u00f3n, dijo: \u201cTe prometo en la excesiva misericordia de mi Coraz\u00f3n que mi amor todopoderoso otorgar\u00e1 a todos aquellos que reciban la Sagrada Comuni\u00f3n los primeros viernes por nueve meses consecutivos la gracia de la perseverancia final.; no morir\u00e1n en mi desgracia, ni sin recibir sus sacramentos. Mi Coraz\u00f3n divino ser\u00e1 su refugio seguro en este \u00faltimo momento \u00ab.<\/p>\n\n\n\n<p><strong>CONSAGRACI\u00d3N AL SAGRADO CORAZ\u00d3N DE JES\u00daS DE SAN JUAN PABLO II<\/strong><\/p>\n\n\n\n<p>Se\u00f1or Jesucristo, Redentor del g\u00e9nero humano, nos dirigimos a tu Sacrat\u00edsimo Coraz\u00f3n con humildad y confianza, con reverencia y esperanza, con profundo deseo de darte gloria, honor y alabanza.<\/p>\n\n\n\n<p>Se\u00f1or Jesucristo, Salvador del mundo, te damos las gracias por todo lo que eres y todo lo que haces.<\/p>\n\n\n\n<p>Se\u00f1or Jesucristo, Hijo de Dios Vivo, te alabamos por el amor que has revelado a trav\u00e9s de Tu Sagrado Coraz\u00f3n, que fue traspasado por nosotros y ha llegado a ser fuente de nuestra alegr\u00eda, manantial de nuestra vida eterna.<\/p>\n\n\n\n<p>Reunidos juntos en TU nombre, que est\u00e1 por encima de todo nombre, nos consagramos a tu Sacrat\u00edsimo Coraz\u00f3n, en el cual habita la plenitud de la verdad y la caridad. Al consagrarnos a Ti, los fieles (persona o de lugar) renovamos nuestro deseo de corresponder con amor a la rica efusi\u00f3n de tu misericordioso y pleno amor. <\/p>\n\n\n\n<p>Se\u00f1or Jesucristo, Rey de Amor y Pr\u00edncipe de la Paz, reina en nuestros corazones y en nuestros hogares.<\/p>\n\n\n\n<p>Vence todos los poderes del maligno y ll\u00e9vanos a participar en la victoria de tu Sagrado Coraz\u00f3n.<\/p>\n\n\n\n<p>\u00a1Que todos proclamemos y demos gloria a Ti, al Padre y al Esp\u00edritu Santo, \u00fanico Dios que vive y reina por los siglos de los siglos!<\/p>\n\n\n\n<p>AM\u00c9N<\/p>\n","protected":false},"excerpt":{"rendered":"<p>En 1675, Jes\u00fas le dijo a Santa Margarita que quer\u00eda una fiesta anual en honor a Su Sagrado Coraz\u00f3n. En 1856, el Beato Papa P\u00edo IX design\u00f3 que la Fiesta del Sagrado Coraz\u00f3n se celebrar\u00eda universalmente el viernes despu\u00e9s de la octava del Corpus Christi cada a\u00f1o. Jes\u00fas mismo inici\u00f3 la devoci\u00f3n del primer viernes&#8230;.<\/p>\n","protected":false},"author":1,"featured_media":27136,"comment_status":"closed","ping_status":"open","sticky":false,"template":"","format":"standard","meta":{"footnotes":""},"categories":[63],"tags":[],"class_list":["post-27135","post","type-post","status-publish","format-standard","has-post-thumbnail","hentry","category-ultimasnoticias"],"_links":{"self":[{"href":"https:\/\/sanantonioalgeciras.com\/index.php\/wp-json\/wp\/v2\/posts\/27135","targetHints":{"allow":["GET"]}}],"collection":[{"href":"https:\/\/sanantonioalgeciras.com\/index.php\/wp-json\/wp\/v2\/posts"}],"about":[{"href":"https:\/\/sanantonioalgeciras.com\/index.php\/wp-json\/wp\/v2\/types\/post"}],"author":[{"embeddable":true,"href":"https:\/\/sanantonioalgeciras.com\/index.php\/wp-json\/wp\/v2\/users\/1"}],"replies":[{"embeddable":true,"href":"https:\/\/sanantonioalgeciras.com\/index.php\/wp-json\/wp\/v2\/comments?post=27135"}],"version-history":[{"count":1,"href":"https:\/\/sanantonioalgeciras.com\/index.php\/wp-json\/wp\/v2\/posts\/27135\/revisions"}],"predecessor-version":[{"id":27137,"href":"https:\/\/sanantonioalgeciras.com\/index.php\/wp-json\/wp\/v2\/posts\/27135\/revisions\/27137"}],"wp:featuredmedia":[{"embeddable":true,"href":"https:\/\/sanantonioalgeciras.com\/index.php\/wp-json\/wp\/v2\/media\/27136"}],"wp:attachment":[{"href":"https:\/\/sanantonioalgeciras.com\/index.php\/wp-json\/wp\/v2\/media?parent=27135"}],"wp:term":[{"taxonomy":"category","embeddable":true,"href":"https:\/\/sanantonioalgeciras.com\/index.php\/wp-json\/wp\/v2\/categories?post=27135"},{"taxonomy":"post_tag","embeddable":true,"href":"https:\/\/sanantonioalgeciras.com\/index.php\/wp-json\/wp\/v2\/tags?post=27135"}],"curies":[{"name":"wp","href":"https:\/\/api.w.org\/{rel}","templated":true}]}}