{"id":27171,"date":"2023-09-23T11:11:08","date_gmt":"2023-09-23T11:11:08","guid":{"rendered":"https:\/\/sanantonioalgeciras.com\/?p=27171"},"modified":"2026-04-30T15:47:22","modified_gmt":"2026-04-30T15:47:22","slug":"asamblea-parroquial","status":"publish","type":"post","link":"https:\/\/sanantonioalgeciras.com\/index.php\/2023\/09\/23\/asamblea-parroquial\/","title":{"rendered":"ASAMBLEA PARROQUIAL"},"content":{"rendered":"\n<p>Queridos feligreses, <\/p>\n\n\n\n<p>El pr\u00f3ximo d\u00eda 1 de octubre a las 12:00h se celebrar\u00e1 una ASAMBLEA PARROQUIAL en San Antonio.<\/p>\n\n\n\n<p>Este a\u00f1o el lema es:<\/p>\n\n\n\n<p>\u00bbSOMOS FAMILIA, HACEMOS FAMILIA\u00bb.<\/p>\n\n\n\n<p>Ser\u00e1 un momento para disfrutar juntos en ambiente de comunidad, tratar un tema actual de formaci\u00f3n, poder charlar, cantar, re\u00edrnos, compartir, rezar y celebrar la Misa.<\/p>\n\n\n\n<p>Pod\u00e9is venir solos, con vuestros maridos o esposas, novios o novias, en familia&#8230;los ni\u00f1os tambi\u00e9n (que se traigan un bal\u00f3n o cualquier otra cosa para jugar, como sab\u00e9is tenemos un gran patio).<\/p>\n\n\n\n<p>En la Santa Misa que celebraremos a las 12:00h, se har\u00e1 el env\u00edo de todos los agentes de pastoral de nuestra parroquia.<\/p>\n\n\n\n<p>Respecto al almuerzo, que ser\u00e1 en el claustro parroquial, este a\u00f1o lo haremos \u00bbcon traje\u00bb. Es decir, cada uno aporta sus destrezas culinarias. La parroquia pondr\u00e1 la bebida. <\/p>\n\n\n\n<p><strong>Lugar y hora: Parroquia San Antonio de Padua<\/strong> desde las <strong>12:00h<\/strong> hasta las 17:30h.<\/p>\n\n\n\n<p>\u00a1\u00a1\u00a1Os espero!!!<\/p>\n","protected":false},"excerpt":{"rendered":"<p>Queridos feligreses, El pr\u00f3ximo d\u00eda 1 de octubre a las 12:00h se celebrar\u00e1 una ASAMBLEA PARROQUIAL en San Antonio. Este a\u00f1o el lema es: \u00bbSOMOS FAMILIA, HACEMOS FAMILIA\u00bb. Ser\u00e1 un momento para disfrutar juntos en ambiente de comunidad, tratar un tema actual de formaci\u00f3n, poder charlar, cantar, re\u00edrnos, compartir, rezar y celebrar la Misa. Pod\u00e9is&#8230;<\/p>\n","protected":false},"author":1,"featured_media":27170,"comment_status":"closed","ping_status":"open","sticky":false,"template":"","format":"standard","meta":{"footnotes":""},"categories":[64],"tags":[],"class_list":["post-27171","post","type-post","status-publish","format-standard","has-post-thumbnail","hentry","category-proximoseventos"],"_links":{"self":[{"href":"https:\/\/sanantonioalgeciras.com\/index.php\/wp-json\/wp\/v2\/posts\/27171","targetHints":{"allow":["GET"]}}],"collection":[{"href":"https:\/\/sanantonioalgeciras.com\/index.php\/wp-json\/wp\/v2\/posts"}],"about":[{"href":"https:\/\/sanantonioalgeciras.com\/index.php\/wp-json\/wp\/v2\/types\/post"}],"author":[{"embeddable":true,"href":"https:\/\/sanantonioalgeciras.com\/index.php\/wp-json\/wp\/v2\/users\/1"}],"replies":[{"embeddable":true,"href":"https:\/\/sanantonioalgeciras.com\/index.php\/wp-json\/wp\/v2\/comments?post=27171"}],"version-history":[{"count":3,"href":"https:\/\/sanantonioalgeciras.com\/index.php\/wp-json\/wp\/v2\/posts\/27171\/revisions"}],"predecessor-version":[{"id":27294,"href":"https:\/\/sanantonioalgeciras.com\/index.php\/wp-json\/wp\/v2\/posts\/27171\/revisions\/27294"}],"wp:featuredmedia":[{"embeddable":true,"href":"https:\/\/sanantonioalgeciras.com\/index.php\/wp-json\/wp\/v2\/media\/27170"}],"wp:attachment":[{"href":"https:\/\/sanantonioalgeciras.com\/index.php\/wp-json\/wp\/v2\/media?parent=27171"}],"wp:term":[{"taxonomy":"category","embeddable":true,"href":"https:\/\/sanantonioalgeciras.com\/index.php\/wp-json\/wp\/v2\/categories?post=27171"},{"taxonomy":"post_tag","embeddable":true,"href":"https:\/\/sanantonioalgeciras.com\/index.php\/wp-json\/wp\/v2\/tags?post=27171"}],"curies":[{"name":"wp","href":"https:\/\/api.w.org\/{rel}","templated":true}]}}