{"id":27190,"date":"2023-10-08T13:37:56","date_gmt":"2023-10-08T13:37:56","guid":{"rendered":"https:\/\/sanantonioalgeciras.com\/?p=27190"},"modified":"2026-04-30T15:47:09","modified_gmt":"2026-04-30T15:47:09","slug":"homenaje-padre-paco","status":"publish","type":"post","link":"https:\/\/sanantonioalgeciras.com\/index.php\/2023\/10\/08\/homenaje-padre-paco\/","title":{"rendered":"Homenaje Padre Paco"},"content":{"rendered":"\n<p class=\"wp-block-paragraph\">D. Jos\u00e9 Ignacio Landaluce, Alcalde de Algeciras, visit\u00f3 nuestra Parroquia el d\u00eda 5 de octubre, el motivo ha sido un sencillo HOMENAJE AL PADRE PACO.<\/p>\n\n\n\n<p class=\"wp-block-paragraph\">Hace un tiempo estaban preparando hacerlo hijo predilecto de Algeciras, pero el Padre Paco ha declinado la propuesta. Finalmente le propusieron una menci\u00f3n especial, que \u00e9l prefer\u00eda recibir en privado.<\/p>\n\n\n\n<p class=\"wp-block-paragraph\">Por \u00faltimo, ha accedido, al menos, a recibirla en el templo parroquial con todos los que nos encontr\u00e1bamos en Misa. El Alcalde le ha impuesto la medalla de la ciudad y le ha entregado un documento como reconocimiento a su labor. \u00a1Ha sido muy emocionante!<\/p>\n\n\n\n<p class=\"wp-block-paragraph\">El acto no estaba preparado con antelaci\u00f3n en la parroquia, y por ello no se os ha podido avisar.<\/p>\n\n\n\n<p class=\"wp-block-paragraph\">Como sab\u00e9is, la situaci\u00f3n m\u00e9dica del padre Paco se est\u00e1 deteriorando por d\u00eda, por eso la premura de hacerlo.<\/p>\n\n\n\n<p class=\"wp-block-paragraph\">Al finalizar la Misa nos hemos hecho algunas fotos de recuerdo.<\/p>\n\n\n\n<p class=\"wp-block-paragraph\">Gracias!!<\/p>\n","protected":false},"excerpt":{"rendered":"<p>D. Jos\u00e9 Ignacio Landaluce, Alcalde de Algeciras, visit\u00f3 nuestra Parroquia el d\u00eda 5 de octubre, el motivo ha sido un sencillo HOMENAJE AL PADRE PACO. Hace un tiempo estaban preparando hacerlo hijo predilecto de Algeciras, pero el Padre Paco ha declinado la propuesta. Finalmente le propusieron una menci\u00f3n especial, que \u00e9l prefer\u00eda recibir en privado&#8230;.<\/p>\n","protected":false},"author":1,"featured_media":27191,"comment_status":"closed","ping_status":"open","sticky":false,"template":"","format":"standard","meta":{"footnotes":""},"categories":[63],"tags":[],"class_list":["post-27190","post","type-post","status-publish","format-standard","has-post-thumbnail","hentry","category-ultimasnoticias"],"_links":{"self":[{"href":"https:\/\/sanantonioalgeciras.com\/index.php\/wp-json\/wp\/v2\/posts\/27190","targetHints":{"allow":["GET"]}}],"collection":[{"href":"https:\/\/sanantonioalgeciras.com\/index.php\/wp-json\/wp\/v2\/posts"}],"about":[{"href":"https:\/\/sanantonioalgeciras.com\/index.php\/wp-json\/wp\/v2\/types\/post"}],"author":[{"embeddable":true,"href":"https:\/\/sanantonioalgeciras.com\/index.php\/wp-json\/wp\/v2\/users\/1"}],"replies":[{"embeddable":true,"href":"https:\/\/sanantonioalgeciras.com\/index.php\/wp-json\/wp\/v2\/comments?post=27190"}],"version-history":[{"count":1,"href":"https:\/\/sanantonioalgeciras.com\/index.php\/wp-json\/wp\/v2\/posts\/27190\/revisions"}],"predecessor-version":[{"id":27192,"href":"https:\/\/sanantonioalgeciras.com\/index.php\/wp-json\/wp\/v2\/posts\/27190\/revisions\/27192"}],"wp:featuredmedia":[{"embeddable":true,"href":"https:\/\/sanantonioalgeciras.com\/index.php\/wp-json\/wp\/v2\/media\/27191"}],"wp:attachment":[{"href":"https:\/\/sanantonioalgeciras.com\/index.php\/wp-json\/wp\/v2\/media?parent=27190"}],"wp:term":[{"taxonomy":"category","embeddable":true,"href":"https:\/\/sanantonioalgeciras.com\/index.php\/wp-json\/wp\/v2\/categories?post=27190"},{"taxonomy":"post_tag","embeddable":true,"href":"https:\/\/sanantonioalgeciras.com\/index.php\/wp-json\/wp\/v2\/tags?post=27190"}],"curies":[{"name":"wp","href":"https:\/\/api.w.org\/{rel}","templated":true}]}}