{"id":27198,"date":"2023-10-28T05:59:27","date_gmt":"2023-10-28T05:59:27","guid":{"rendered":"https:\/\/sanantonioalgeciras.com\/?p=27198"},"modified":"2026-04-30T15:47:09","modified_gmt":"2026-04-30T15:47:09","slug":"triduo-de-animas","status":"publish","type":"post","link":"https:\/\/sanantonioalgeciras.com\/index.php\/2023\/10\/28\/triduo-de-animas\/","title":{"rendered":"TRIDUO DE \u00c1NIMAS"},"content":{"rendered":"\n<p>Del 8 al 10 de noviembre celebraremos en nuestra parroquia el Triduo de \u00c1nimas. *El \u00faltimo d\u00eda ofreceremos la Santa Misa por los fallecidos de nuestra parroquia durante el a\u00f1o.*<\/p>\n\n\n\n<p><img decoding=\"async\" src=\"https:\/\/fonts.gstatic.com\/s\/e\/notoemoji\/15.0\/27a1_fe0f\/72.png\" alt=\"\u27a1\ufe0f\" style=\"width: 20px;\">\u00a0Es costumbre dedicar el mes de noviembre a la contemplaci\u00f3n de los nov\u00edsimos: cielo, infierno, purgatorio, juicio, muerte,\u2026<\/p>\n\n\n\n<p><img decoding=\"async\" src=\"https:\/\/fonts.gstatic.com\/s\/e\/notoemoji\/15.0\/27a1_fe0f\/72.png\" alt=\"\u27a1\ufe0f\" style=\"width: 20px;\">\u00a0Es una obra de misericordia espiritual rezar por el alma de los difuntos.<\/p>\n\n\n\n<p><img decoding=\"async\" src=\"https:\/\/fonts.gstatic.com\/s\/e\/notoemoji\/15.0\/23f0\/72.png\" alt=\"\u23f0\" style=\"width: 30px;\">\u00a0Los cultos comenzar\u00e1n a las 18:30h con el rezo del Santo Rosario. La Misa, con predicaci\u00f3n, ser\u00e1 a las 19:00h.<\/p>\n","protected":false},"excerpt":{"rendered":"<p>Del 8 al 10 de noviembre celebraremos en nuestra parroquia el Triduo de \u00c1nimas. *El \u00faltimo d\u00eda ofreceremos la Santa Misa por los fallecidos de nuestra parroquia durante el a\u00f1o.* \u00a0Es costumbre dedicar el mes de noviembre a la contemplaci\u00f3n de los nov\u00edsimos: cielo, infierno, purgatorio, juicio, muerte,\u2026 \u00a0Es una obra de misericordia espiritual rezar&#8230;<\/p>\n","protected":false},"author":1,"featured_media":27196,"comment_status":"closed","ping_status":"open","sticky":false,"template":"","format":"standard","meta":{"footnotes":""},"categories":[64],"tags":[],"class_list":["post-27198","post","type-post","status-publish","format-standard","has-post-thumbnail","hentry","category-proximoseventos"],"_links":{"self":[{"href":"https:\/\/sanantonioalgeciras.com\/index.php\/wp-json\/wp\/v2\/posts\/27198","targetHints":{"allow":["GET"]}}],"collection":[{"href":"https:\/\/sanantonioalgeciras.com\/index.php\/wp-json\/wp\/v2\/posts"}],"about":[{"href":"https:\/\/sanantonioalgeciras.com\/index.php\/wp-json\/wp\/v2\/types\/post"}],"author":[{"embeddable":true,"href":"https:\/\/sanantonioalgeciras.com\/index.php\/wp-json\/wp\/v2\/users\/1"}],"replies":[{"embeddable":true,"href":"https:\/\/sanantonioalgeciras.com\/index.php\/wp-json\/wp\/v2\/comments?post=27198"}],"version-history":[{"count":1,"href":"https:\/\/sanantonioalgeciras.com\/index.php\/wp-json\/wp\/v2\/posts\/27198\/revisions"}],"predecessor-version":[{"id":27199,"href":"https:\/\/sanantonioalgeciras.com\/index.php\/wp-json\/wp\/v2\/posts\/27198\/revisions\/27199"}],"wp:featuredmedia":[{"embeddable":true,"href":"https:\/\/sanantonioalgeciras.com\/index.php\/wp-json\/wp\/v2\/media\/27196"}],"wp:attachment":[{"href":"https:\/\/sanantonioalgeciras.com\/index.php\/wp-json\/wp\/v2\/media?parent=27198"}],"wp:term":[{"taxonomy":"category","embeddable":true,"href":"https:\/\/sanantonioalgeciras.com\/index.php\/wp-json\/wp\/v2\/categories?post=27198"},{"taxonomy":"post_tag","embeddable":true,"href":"https:\/\/sanantonioalgeciras.com\/index.php\/wp-json\/wp\/v2\/tags?post=27198"}],"curies":[{"name":"wp","href":"https:\/\/api.w.org\/{rel}","templated":true}]}}