{"id":27205,"date":"2023-11-18T14:23:46","date_gmt":"2023-11-18T14:23:46","guid":{"rendered":"https:\/\/sanantonioalgeciras.com\/?p=27205"},"modified":"2023-11-18T14:23:46","modified_gmt":"2023-11-18T14:23:46","slug":"articulo-padre-paco-en-revista-nazaret","status":"publish","type":"post","link":"https:\/\/sanantonioalgeciras.com\/index.php\/2023\/11\/18\/articulo-padre-paco-en-revista-nazaret\/","title":{"rendered":"Art\u00edculo Padre Paco en revista Nazaret"},"content":{"rendered":"\n<p>Durante el tiempo del Seminario, hac\u00edamos una Revista que llevaba por nombre Nazaret. Sus comienzos empezaron cuando el Seminario se encontraba en Sevilla, y era una manera de estar en contacto con la Di\u00f3cesis de referencia, C\u00e1diz y Ceuta.<\/p>\n\n\n\n<p>El Seminario volvi\u00f3 a C\u00e1diz y la revista sigui\u00f3 edit\u00e1ndose. Fueron muchos a\u00f1os, d\u00e9cadas, con tres n\u00fameros cada curso: diciembre, marzo y junio. Muchos seminaristas, sacerdotes, y colaboradores implicados. Muchas parroquias y amigos que hac\u00edan posible, con su colaboraci\u00f3n econ\u00f3mica, una nueva tirada, no sin dificultades y sacrificios.<\/p>\n\n\n\n<p>El que ha sido durante muchos a\u00f1os Director espiritual del Seminario, P. Antonio Torrejon, se encargaba de pedir art\u00edculos a sacerdotes mayores. Creo que su intenci\u00f3n era acrecentar, propiciar y cuidar la uni\u00f3n con el Seminario, y dar a conocer la vida de sacerdotes con larga experiencia pastoral.<\/p>\n\n\n\n<p>Pues bien, hace unos meses, revisando documentaci\u00f3n, me encontr\u00e9 con uno de los ejemplares en el que aparec\u00eda el Padre Paco. Le mand\u00e9 esta foto y me pregunt\u00f3 que de d\u00f3nde hab\u00eda sacado eso, que no se acordaba.<\/p>\n\n\n\n<p>Hoy lo saco a relucir, pues nos ayuda a mirar sus comienzos con el agradecimiento del que sabe que Dios estuvo presente de forma constante en su vida.<\/p>\n\n\n\n<p>\u00a1Va&nbsp;por&nbsp;ti,&nbsp;Paco!<\/p>\n","protected":false},"excerpt":{"rendered":"<p>Durante el tiempo del Seminario, hac\u00edamos una Revista que llevaba por nombre Nazaret. Sus comienzos empezaron cuando el Seminario se encontraba en Sevilla, y era una manera de estar en contacto con la Di\u00f3cesis de referencia, C\u00e1diz y Ceuta. El Seminario volvi\u00f3 a C\u00e1diz y la revista sigui\u00f3 edit\u00e1ndose. Fueron muchos a\u00f1os, d\u00e9cadas, con tres&#8230;<\/p>\n","protected":false},"author":1,"featured_media":27206,"comment_status":"open","ping_status":"open","sticky":false,"template":"","format":"standard","meta":{"footnotes":""},"categories":[63],"tags":[],"class_list":["post-27205","post","type-post","status-publish","format-standard","has-post-thumbnail","hentry","category-ultimasnoticias"],"_links":{"self":[{"href":"https:\/\/sanantonioalgeciras.com\/index.php\/wp-json\/wp\/v2\/posts\/27205","targetHints":{"allow":["GET"]}}],"collection":[{"href":"https:\/\/sanantonioalgeciras.com\/index.php\/wp-json\/wp\/v2\/posts"}],"about":[{"href":"https:\/\/sanantonioalgeciras.com\/index.php\/wp-json\/wp\/v2\/types\/post"}],"author":[{"embeddable":true,"href":"https:\/\/sanantonioalgeciras.com\/index.php\/wp-json\/wp\/v2\/users\/1"}],"replies":[{"embeddable":true,"href":"https:\/\/sanantonioalgeciras.com\/index.php\/wp-json\/wp\/v2\/comments?post=27205"}],"version-history":[{"count":1,"href":"https:\/\/sanantonioalgeciras.com\/index.php\/wp-json\/wp\/v2\/posts\/27205\/revisions"}],"predecessor-version":[{"id":27207,"href":"https:\/\/sanantonioalgeciras.com\/index.php\/wp-json\/wp\/v2\/posts\/27205\/revisions\/27207"}],"wp:featuredmedia":[{"embeddable":true,"href":"https:\/\/sanantonioalgeciras.com\/index.php\/wp-json\/wp\/v2\/media\/27206"}],"wp:attachment":[{"href":"https:\/\/sanantonioalgeciras.com\/index.php\/wp-json\/wp\/v2\/media?parent=27205"}],"wp:term":[{"taxonomy":"category","embeddable":true,"href":"https:\/\/sanantonioalgeciras.com\/index.php\/wp-json\/wp\/v2\/categories?post=27205"},{"taxonomy":"post_tag","embeddable":true,"href":"https:\/\/sanantonioalgeciras.com\/index.php\/wp-json\/wp\/v2\/tags?post=27205"}],"curies":[{"name":"wp","href":"https:\/\/api.w.org\/{rel}","templated":true}]}}