{"id":27232,"date":"2024-02-04T07:46:33","date_gmt":"2024-02-04T07:46:33","guid":{"rendered":"https:\/\/sanantonioalgeciras.com\/?p=27232"},"modified":"2024-02-04T07:46:34","modified_gmt":"2024-02-04T07:46:34","slug":"vida-consagrada","status":"publish","type":"post","link":"https:\/\/sanantonioalgeciras.com\/index.php\/2024\/02\/04\/vida-consagrada\/","title":{"rendered":"Vida Consagrada"},"content":{"rendered":"\n<p>El d\u00eda de la presentaci\u00f3n del Se\u00f1or celebramos tambi\u00e9n la Jornada de la Vida Consagrada.<\/p>\n\n\n\n<p>El 2 de febrero, en la Misa de las candelas, pudimos celebrar el d\u00eda de la vida consagrada en compa\u00f1\u00eda de la hermana Milagros, religiosa adoratriz, y las hermanas Francisca, Mar\u00eda Oliva y Patricia, hijas de la Caridad. Son un testimonio, en nuestra ciudad, de esa llamada concreta a la santidad viviendo los consejos evang\u00e9licos.<\/p>\n\n\n\n<p>Damos gracias a Dios por sus vidas, as\u00ed como por la presencia de las diversas congregaciones, instituciones y nuevas formas de vida consagrada en nuestra ciudad. Pedimos a Dios nos bendiga con santas y abundantes vocaciones.<\/p>\n","protected":false},"excerpt":{"rendered":"<p>El d\u00eda de la presentaci\u00f3n del Se\u00f1or celebramos tambi\u00e9n la Jornada de la Vida Consagrada. El 2 de febrero, en la Misa de las candelas, pudimos celebrar el d\u00eda de la vida consagrada en compa\u00f1\u00eda de la hermana Milagros, religiosa adoratriz, y las hermanas Francisca, Mar\u00eda Oliva y Patricia, hijas de la Caridad. Son un&#8230;<\/p>\n","protected":false},"author":1,"featured_media":27233,"comment_status":"open","ping_status":"open","sticky":false,"template":"","format":"standard","meta":{"footnotes":""},"categories":[63],"tags":[],"class_list":["post-27232","post","type-post","status-publish","format-standard","has-post-thumbnail","hentry","category-ultimasnoticias"],"_links":{"self":[{"href":"https:\/\/sanantonioalgeciras.com\/index.php\/wp-json\/wp\/v2\/posts\/27232","targetHints":{"allow":["GET"]}}],"collection":[{"href":"https:\/\/sanantonioalgeciras.com\/index.php\/wp-json\/wp\/v2\/posts"}],"about":[{"href":"https:\/\/sanantonioalgeciras.com\/index.php\/wp-json\/wp\/v2\/types\/post"}],"author":[{"embeddable":true,"href":"https:\/\/sanantonioalgeciras.com\/index.php\/wp-json\/wp\/v2\/users\/1"}],"replies":[{"embeddable":true,"href":"https:\/\/sanantonioalgeciras.com\/index.php\/wp-json\/wp\/v2\/comments?post=27232"}],"version-history":[{"count":1,"href":"https:\/\/sanantonioalgeciras.com\/index.php\/wp-json\/wp\/v2\/posts\/27232\/revisions"}],"predecessor-version":[{"id":27234,"href":"https:\/\/sanantonioalgeciras.com\/index.php\/wp-json\/wp\/v2\/posts\/27232\/revisions\/27234"}],"wp:featuredmedia":[{"embeddable":true,"href":"https:\/\/sanantonioalgeciras.com\/index.php\/wp-json\/wp\/v2\/media\/27233"}],"wp:attachment":[{"href":"https:\/\/sanantonioalgeciras.com\/index.php\/wp-json\/wp\/v2\/media?parent=27232"}],"wp:term":[{"taxonomy":"category","embeddable":true,"href":"https:\/\/sanantonioalgeciras.com\/index.php\/wp-json\/wp\/v2\/categories?post=27232"},{"taxonomy":"post_tag","embeddable":true,"href":"https:\/\/sanantonioalgeciras.com\/index.php\/wp-json\/wp\/v2\/tags?post=27232"}],"curies":[{"name":"wp","href":"https:\/\/api.w.org\/{rel}","templated":true}]}}