{"id":27268,"date":"2024-12-22T09:01:58","date_gmt":"2024-12-22T09:01:58","guid":{"rendered":"https:\/\/sanantonioalgeciras.com\/?p=27268"},"modified":"2024-12-22T09:01:59","modified_gmt":"2024-12-22T09:01:59","slug":"visita-pastoral-de-d-rafael","status":"publish","type":"post","link":"https:\/\/sanantonioalgeciras.com\/index.php\/2024\/12\/22\/visita-pastoral-de-d-rafael\/","title":{"rendered":"Visita Pastoral de D. Rafael"},"content":{"rendered":"\n<p>Durante los d\u00edas 19, 20 y 21 de diciembre, tuvimos el honor de recibir la visita pastoral de D. Rafael en la parroquia de San Antonio, situada en el barrio de La Reconquista. Esta visita, que nos llen\u00f3 de alegr\u00eda y espiritualidad, fue organizada con dedicaci\u00f3n y esmero por el p\u00e1rroco, el Padre Antonio Jes\u00fas, a quien agradecemos profundamente su esfuerzo y compromiso. La experiencia ha sido un momento de fe y comunidad que quedar\u00e1 grabado en nuestros corazones.<\/p>\n","protected":false},"excerpt":{"rendered":"<p>Durante los d\u00edas 19, 20 y 21 de diciembre, tuvimos el honor de recibir la visita pastoral de D. Rafael en la parroquia de San Antonio, situada en el barrio de La Reconquista. Esta visita, que nos llen\u00f3 de alegr\u00eda y espiritualidad, fue organizada con dedicaci\u00f3n y esmero por el p\u00e1rroco, el Padre Antonio Jes\u00fas,&#8230;<\/p>\n","protected":false},"author":1,"featured_media":27269,"comment_status":"open","ping_status":"open","sticky":false,"template":"","format":"standard","meta":{"footnotes":""},"categories":[63],"tags":[],"class_list":["post-27268","post","type-post","status-publish","format-standard","has-post-thumbnail","hentry","category-ultimasnoticias"],"_links":{"self":[{"href":"https:\/\/sanantonioalgeciras.com\/index.php\/wp-json\/wp\/v2\/posts\/27268","targetHints":{"allow":["GET"]}}],"collection":[{"href":"https:\/\/sanantonioalgeciras.com\/index.php\/wp-json\/wp\/v2\/posts"}],"about":[{"href":"https:\/\/sanantonioalgeciras.com\/index.php\/wp-json\/wp\/v2\/types\/post"}],"author":[{"embeddable":true,"href":"https:\/\/sanantonioalgeciras.com\/index.php\/wp-json\/wp\/v2\/users\/1"}],"replies":[{"embeddable":true,"href":"https:\/\/sanantonioalgeciras.com\/index.php\/wp-json\/wp\/v2\/comments?post=27268"}],"version-history":[{"count":1,"href":"https:\/\/sanantonioalgeciras.com\/index.php\/wp-json\/wp\/v2\/posts\/27268\/revisions"}],"predecessor-version":[{"id":27270,"href":"https:\/\/sanantonioalgeciras.com\/index.php\/wp-json\/wp\/v2\/posts\/27268\/revisions\/27270"}],"wp:featuredmedia":[{"embeddable":true,"href":"https:\/\/sanantonioalgeciras.com\/index.php\/wp-json\/wp\/v2\/media\/27269"}],"wp:attachment":[{"href":"https:\/\/sanantonioalgeciras.com\/index.php\/wp-json\/wp\/v2\/media?parent=27268"}],"wp:term":[{"taxonomy":"category","embeddable":true,"href":"https:\/\/sanantonioalgeciras.com\/index.php\/wp-json\/wp\/v2\/categories?post=27268"},{"taxonomy":"post_tag","embeddable":true,"href":"https:\/\/sanantonioalgeciras.com\/index.php\/wp-json\/wp\/v2\/tags?post=27268"}],"curies":[{"name":"wp","href":"https:\/\/api.w.org\/{rel}","templated":true}]}}